{"id":1278,"date":"2022-11-10T16:16:28","date_gmt":"2022-11-10T15:16:28","guid":{"rendered":"https:\/\/ph.bugesweb.eu\/plavecky-castle-reconstruction-2016\/"},"modified":"2023-01-11T15:13:14","modified_gmt":"2023-01-11T14:13:14","slug":"plavecky-castle-reconstruction-2016","status":"publish","type":"post","link":"https:\/\/www.plaveckyhrad.eu\/en\/plavecky-castle-reconstruction-2016\/","title":{"rendered":"Plaveck\u00fd castle &#8211; Reconstruction 2016"},"content":{"rendered":"<h2>Project of the 1st stage of Plaveck\u00fd castle static reinforcement restoration.<\/h2>\n<p>2013 was a ground-breaking year for Plaveck\u00fd Castle, particularly because after more than 300 years, the caste objects have been restored and statically reinforced and the brickwork has started to increase rather than decrease. In the past years, static and architectonic-historic research of the selected objects has been performed.<\/p>\n<p>Thanks to the support of the Ministry of Culture of the SR via the grant program \u201cRestore your House\u201d, a successful reinforcement activities of the North Gothic Palace continued in 2016.<\/p>\n<h2>North Gothic Palace<\/h2>\n<p>The palace is a three-floor object, which was added and inserted into the material of the older gothic fortification, including brick gallery and finished by embrasure in 15th century . Today, it has the best preserved north external wall and partially also south wall, which was statically reinforced in 2015. From the point of view of the total stability or risk of collapse, the riskiest part of the palace was its west wall torso. In 2016, maintenance and completion of the brick work in the volume of 29 m3 was done, as well as a number of architectonic details was renewed, as well as headboard console and niche of the third floor, partial renovation of the renaissance garderobe, and older crenelle and original embrasure on the outer part of the fa\u00e7ade of the northern wall of the palace, stabilisation of the window and entry apertures on the first and second floor, which stabilised the entire northern wall of the palace and therefore prevented its collapse. This was the most risky objects of the castle, which was successfully maintained and stabilised for next generations. V roku 2016 bolo potrebn\u00e9 pre samotn\u00e9 statick\u00e9 zabezpe\u010denie ve\u017ee postavi\u0165 le\u0161enie vo ve\u013emi obtia\u017enom ter\u00e9ne z interi\u00e9ru do v\u00fd\u0161ky 11 m a exteri\u00e9ru a do v\u00fd\u0161ky 18 m a nad vy\u0161e 100 m hlbokou roklinou. In 2016, for the particular static reinforcement of the tower, it was necessary to build scaffolding in a very difficult terrain from the interior up to 11 m of height and from the exterior up to 18 m of height over 100 m deep fall. The entire process of static reinforcement was logistically complex and required transport through three pulleys, which represented over 73 tons of material. Dozens of Belgian scouts helped with the works at the castle during summer holidays, who helped with support works, such as clearing of the castle from wind pollination vegetation, transported rocks, water and sand. In the end, his Excellency, Willem Van de Voorde, Belgian ambassador, visited the castle and supported our efforts.<\/p>\n\n  \n    <div id=\"gallery-1879251738\" class=\"row large-columns-4 medium-columns-3 small-columns-2 row-masonry\" data-packery-options='{\"itemSelector\": \".col\", \"gutter\": 0, \"presentageWidth\" : true}'>\n\n  <div class=\"gallery-col col\" >\n          <div class=\"col-inner\">\n            <a class=\"image-lightbox lightbox-gallery\" href=\"https:\/\/www.plaveckyhrad.eu\/wp-content\/uploads\/Havarijny-stav-odkladacej-niky-na-3.-podlazi-bez-skoreho-zasahu-jej-hrozil-skory-zanik.png\" title=\"\">            <div class=\"box has-hover gallery-box box-normal\">\n              <div class=\"box-image image-cover\" style=\"padding-top:100%;\">\n                <img width=\"594\" height=\"892\" src=\"https:\/\/www.plaveckyhrad.eu\/wp-content\/uploads\/Havarijny-stav-odkladacej-niky-na-3.-podlazi-bez-skoreho-zasahu-jej-hrozil-skory-zanik.png\" class=\"attachment-original size-original\" alt=\"\" decoding=\"async\" loading=\"lazy\" ids=\"1064,1065,1066,1067,1068,1069,1070,1071,1072,1073\" style=\"normal\" lightbox_image_size=\"original\" type=\"masonry\" image_height=\"100%\" image_size=\"original\" srcset=\"https:\/\/www.plaveckyhrad.eu\/wp-content\/uploads\/Havarijny-stav-odkladacej-niky-na-3.-podlazi-bez-skoreho-zasahu-jej-hrozil-skory-zanik.png 594w, https:\/\/www.plaveckyhrad.eu\/wp-content\/uploads\/Havarijny-stav-odkladacej-niky-na-3.-podlazi-bez-skoreho-zasahu-jej-hrozil-skory-zanik-200x300.png 200w\" sizes=\"(max-width: 594px) 100vw, 594px\" \/>                                                              <\/div>\n              <div class=\"box-text text-left\" >\n                 <p><\/p>\n              <\/div>\n            <\/div>\n            <\/a>          <\/div>\n         <\/div><div class=\"gallery-col col\" >\n          <div class=\"col-inner\">\n            <a class=\"image-lightbox lightbox-gallery\" href=\"https:\/\/www.plaveckyhrad.eu\/wp-content\/uploads\/Pohlad-na-postavene-lesenie-z-exterieru.png\" title=\"\">            <div class=\"box has-hover gallery-box box-normal\">\n              <div class=\"box-image image-cover\" style=\"padding-top:100%;\">\n                <img width=\"594\" height=\"444\" src=\"https:\/\/www.plaveckyhrad.eu\/wp-content\/uploads\/Pohlad-na-postavene-lesenie-z-exterieru.png\" class=\"attachment-original size-original\" alt=\"\" decoding=\"async\" loading=\"lazy\" ids=\"1064,1065,1066,1067,1068,1069,1070,1071,1072,1073\" style=\"normal\" lightbox_image_size=\"original\" type=\"masonry\" image_height=\"100%\" image_size=\"original\" srcset=\"https:\/\/www.plaveckyhrad.eu\/wp-content\/uploads\/Pohlad-na-postavene-lesenie-z-exterieru.png 594w, https:\/\/www.plaveckyhrad.eu\/wp-content\/uploads\/Pohlad-na-postavene-lesenie-z-exterieru-300x224.png 300w\" sizes=\"(max-width: 594px) 100vw, 594px\" \/>                                                              <\/div>\n              <div class=\"box-text text-left\" >\n                 <p><\/p>\n              <\/div>\n            <\/div>\n            <\/a>          <\/div>\n         <\/div><div class=\"gallery-col col\" >\n          <div class=\"col-inner\">\n            <a class=\"image-lightbox lightbox-gallery\" href=\"https:\/\/www.plaveckyhrad.eu\/wp-content\/uploads\/Pohlad-na-postavene-lesenie-z-interieru.png\" title=\"\">            <div class=\"box has-hover gallery-box box-normal\">\n              <div class=\"box-image image-cover\" style=\"padding-top:100%;\">\n                <img width=\"606\" height=\"922\" src=\"https:\/\/www.plaveckyhrad.eu\/wp-content\/uploads\/Pohlad-na-postavene-lesenie-z-interieru.png\" class=\"attachment-original size-original\" alt=\"\" decoding=\"async\" loading=\"lazy\" ids=\"1064,1065,1066,1067,1068,1069,1070,1071,1072,1073\" style=\"normal\" lightbox_image_size=\"original\" type=\"masonry\" image_height=\"100%\" image_size=\"original\" srcset=\"https:\/\/www.plaveckyhrad.eu\/wp-content\/uploads\/Pohlad-na-postavene-lesenie-z-interieru.png 606w, https:\/\/www.plaveckyhrad.eu\/wp-content\/uploads\/Pohlad-na-postavene-lesenie-z-interieru-197x300.png 197w\" sizes=\"(max-width: 606px) 100vw, 606px\" \/>                                                              <\/div>\n              <div class=\"box-text text-left\" >\n                 <p><\/p>\n              <\/div>\n            <\/div>\n            <\/a>          <\/div>\n         <\/div><div class=\"gallery-col col\" >\n          <div class=\"col-inner\">\n            <a class=\"image-lightbox lightbox-gallery\" href=\"https:\/\/www.plaveckyhrad.eu\/wp-content\/uploads\/Pohlad-na-stavbu-lesenia-z-exterierovej-strany-nad-100-m-priepastou.png\" title=\"\">            <div class=\"box has-hover gallery-box box-normal\">\n              <div class=\"box-image image-cover\" style=\"padding-top:100%;\">\n                <img width=\"594\" height=\"792\" src=\"https:\/\/www.plaveckyhrad.eu\/wp-content\/uploads\/Pohlad-na-stavbu-lesenia-z-exterierovej-strany-nad-100-m-priepastou.png\" class=\"attachment-original size-original\" alt=\"\" decoding=\"async\" loading=\"lazy\" ids=\"1064,1065,1066,1067,1068,1069,1070,1071,1072,1073\" style=\"normal\" lightbox_image_size=\"original\" type=\"masonry\" image_height=\"100%\" image_size=\"original\" srcset=\"https:\/\/www.plaveckyhrad.eu\/wp-content\/uploads\/Pohlad-na-stavbu-lesenia-z-exterierovej-strany-nad-100-m-priepastou.png 594w, https:\/\/www.plaveckyhrad.eu\/wp-content\/uploads\/Pohlad-na-stavbu-lesenia-z-exterierovej-strany-nad-100-m-priepastou-225x300.png 225w\" sizes=\"(max-width: 594px) 100vw, 594px\" \/>                                                              <\/div>\n              <div class=\"box-text text-left\" >\n                 <p><\/p>\n              <\/div>\n            <\/div>\n            <\/a>          <\/div>\n         <\/div><div class=\"gallery-col col\" >\n          <div class=\"col-inner\">\n            <a class=\"image-lightbox lightbox-gallery\" href=\"https:\/\/www.plaveckyhrad.eu\/wp-content\/uploads\/Priebeh-prac-na-bocnej-primurovke-steny-palaca.png\" title=\"\">            <div class=\"box has-hover gallery-box box-normal\">\n              <div class=\"box-image image-cover\" style=\"padding-top:100%;\">\n                <img width=\"594\" height=\"444\" src=\"https:\/\/www.plaveckyhrad.eu\/wp-content\/uploads\/Priebeh-prac-na-bocnej-primurovke-steny-palaca.png\" class=\"attachment-original size-original\" alt=\"\" decoding=\"async\" loading=\"lazy\" ids=\"1064,1065,1066,1067,1068,1069,1070,1071,1072,1073\" style=\"normal\" lightbox_image_size=\"original\" type=\"masonry\" image_height=\"100%\" image_size=\"original\" srcset=\"https:\/\/www.plaveckyhrad.eu\/wp-content\/uploads\/Priebeh-prac-na-bocnej-primurovke-steny-palaca.png 594w, https:\/\/www.plaveckyhrad.eu\/wp-content\/uploads\/Priebeh-prac-na-bocnej-primurovke-steny-palaca-300x224.png 300w\" sizes=\"(max-width: 594px) 100vw, 594px\" \/>                                                              <\/div>\n              <div class=\"box-text text-left\" >\n                 <p><\/p>\n              <\/div>\n            <\/div>\n            <\/a>          <\/div>\n         <\/div><div class=\"gallery-col col\" >\n          <div class=\"col-inner\">\n            <a class=\"image-lightbox lightbox-gallery\" href=\"https:\/\/www.plaveckyhrad.eu\/wp-content\/uploads\/Stavba-lesenia-z-interierovej-strany.png\" title=\"\">            <div class=\"box has-hover gallery-box box-normal\">\n              <div class=\"box-image image-cover\" style=\"padding-top:100%;\">\n                <img width=\"636\" height=\"477\" src=\"https:\/\/www.plaveckyhrad.eu\/wp-content\/uploads\/Stavba-lesenia-z-interierovej-strany.png\" class=\"attachment-original size-original\" alt=\"\" decoding=\"async\" loading=\"lazy\" ids=\"1064,1065,1066,1067,1068,1069,1070,1071,1072,1073\" style=\"normal\" lightbox_image_size=\"original\" type=\"masonry\" image_height=\"100%\" image_size=\"original\" srcset=\"https:\/\/www.plaveckyhrad.eu\/wp-content\/uploads\/Stavba-lesenia-z-interierovej-strany.png 636w, https:\/\/www.plaveckyhrad.eu\/wp-content\/uploads\/Stavba-lesenia-z-interierovej-strany-300x225.png 300w\" sizes=\"(max-width: 636px) 100vw, 636px\" \/>                                                              <\/div>\n              <div class=\"box-text text-left\" >\n                 <p><\/p>\n              <\/div>\n            <\/div>\n            <\/a>          <\/div>\n         <\/div><div class=\"gallery-col col\" >\n          <div class=\"col-inner\">\n            <a class=\"image-lightbox lightbox-gallery\" href=\"https:\/\/www.plaveckyhrad.eu\/wp-content\/uploads\/Ukoncena-bocna-primurovka-1-a-2-podlazia-severnej-steny-palaca.png\" title=\"\">            <div class=\"box has-hover gallery-box box-normal\">\n              <div class=\"box-image image-cover\" style=\"padding-top:100%;\">\n                <img width=\"594\" height=\"892\" src=\"https:\/\/www.plaveckyhrad.eu\/wp-content\/uploads\/Ukoncena-bocna-primurovka-1-a-2-podlazia-severnej-steny-palaca.png\" class=\"attachment-original size-original\" alt=\"\" decoding=\"async\" loading=\"lazy\" ids=\"1064,1065,1066,1067,1068,1069,1070,1071,1072,1073\" style=\"normal\" lightbox_image_size=\"original\" type=\"masonry\" image_height=\"100%\" image_size=\"original\" srcset=\"https:\/\/www.plaveckyhrad.eu\/wp-content\/uploads\/Ukoncena-bocna-primurovka-1-a-2-podlazia-severnej-steny-palaca.png 594w, https:\/\/www.plaveckyhrad.eu\/wp-content\/uploads\/Ukoncena-bocna-primurovka-1-a-2-podlazia-severnej-steny-palaca-200x300.png 200w\" sizes=\"(max-width: 594px) 100vw, 594px\" \/>                                                              <\/div>\n              <div class=\"box-text text-left\" >\n                 <p><\/p>\n              <\/div>\n            <\/div>\n            <\/a>          <\/div>\n         <\/div><div class=\"gallery-col col\" >\n          <div class=\"col-inner\">\n            <a class=\"image-lightbox lightbox-gallery\" href=\"https:\/\/www.plaveckyhrad.eu\/wp-content\/uploads\/Vysuvanie-plosiny-prepajanie-s-interierovym-lesenim-a-stavba-lesenia-z-exterieru.png\" title=\"\">            <div class=\"box has-hover gallery-box box-normal\">\n              <div class=\"box-image image-cover\" style=\"padding-top:100%;\">\n                <img width=\"606\" height=\"922\" src=\"https:\/\/www.plaveckyhrad.eu\/wp-content\/uploads\/Vysuvanie-plosiny-prepajanie-s-interierovym-lesenim-a-stavba-lesenia-z-exterieru.png\" class=\"attachment-original size-original\" alt=\"\" decoding=\"async\" loading=\"lazy\" ids=\"1064,1065,1066,1067,1068,1069,1070,1071,1072,1073\" style=\"normal\" lightbox_image_size=\"original\" type=\"masonry\" image_height=\"100%\" image_size=\"original\" srcset=\"https:\/\/www.plaveckyhrad.eu\/wp-content\/uploads\/Vysuvanie-plosiny-prepajanie-s-interierovym-lesenim-a-stavba-lesenia-z-exterieru.png 606w, https:\/\/www.plaveckyhrad.eu\/wp-content\/uploads\/Vysuvanie-plosiny-prepajanie-s-interierovym-lesenim-a-stavba-lesenia-z-exterieru-197x300.png 197w\" sizes=\"(max-width: 606px) 100vw, 606px\" \/>                                                              <\/div>\n              <div class=\"box-text text-left\" >\n                 <p><\/p>\n              <\/div>\n            <\/div>\n            <\/a>          <\/div>\n         <\/div><div class=\"gallery-col col\" >\n          <div class=\"col-inner\">\n            <a class=\"image-lightbox lightbox-gallery\" href=\"https:\/\/www.plaveckyhrad.eu\/wp-content\/uploads\/Zaciatok-prac-na-bocnej-stabilizacnej-primurovke-severnej-steny-palaca-1.png\" title=\"\">            <div class=\"box has-hover gallery-box box-normal\">\n              <div class=\"box-image image-cover\" style=\"padding-top:100%;\">\n                <img width=\"594\" height=\"444\" src=\"https:\/\/www.plaveckyhrad.eu\/wp-content\/uploads\/Zaciatok-prac-na-bocnej-stabilizacnej-primurovke-severnej-steny-palaca-1.png\" class=\"attachment-original size-original\" alt=\"\" decoding=\"async\" loading=\"lazy\" ids=\"1064,1065,1066,1067,1068,1069,1070,1071,1072,1073\" style=\"normal\" lightbox_image_size=\"original\" type=\"masonry\" image_height=\"100%\" image_size=\"original\" srcset=\"https:\/\/www.plaveckyhrad.eu\/wp-content\/uploads\/Zaciatok-prac-na-bocnej-stabilizacnej-primurovke-severnej-steny-palaca-1.png 594w, https:\/\/www.plaveckyhrad.eu\/wp-content\/uploads\/Zaciatok-prac-na-bocnej-stabilizacnej-primurovke-severnej-steny-palaca-1-300x224.png 300w\" sizes=\"(max-width: 594px) 100vw, 594px\" \/>                                                              <\/div>\n              <div class=\"box-text text-left\" >\n                 <p><\/p>\n              <\/div>\n            <\/div>\n            <\/a>          <\/div>\n         <\/div><div class=\"gallery-col col\" >\n          <div class=\"col-inner\">\n            <a class=\"image-lightbox lightbox-gallery\" href=\"https:\/\/www.plaveckyhrad.eu\/wp-content\/uploads\/Zaciatok-prac-na-bocnej-stabilizacnej-primurovke-severnej-steny-palaca.png\" title=\"\">            <div class=\"box has-hover gallery-box box-normal\">\n              <div class=\"box-image image-cover\" style=\"padding-top:100%;\">\n                <img width=\"594\" height=\"444\" src=\"https:\/\/www.plaveckyhrad.eu\/wp-content\/uploads\/Zaciatok-prac-na-bocnej-stabilizacnej-primurovke-severnej-steny-palaca.png\" class=\"attachment-original size-original\" alt=\"\" decoding=\"async\" loading=\"lazy\" ids=\"1064,1065,1066,1067,1068,1069,1070,1071,1072,1073\" style=\"normal\" lightbox_image_size=\"original\" type=\"masonry\" image_height=\"100%\" image_size=\"original\" srcset=\"https:\/\/www.plaveckyhrad.eu\/wp-content\/uploads\/Zaciatok-prac-na-bocnej-stabilizacnej-primurovke-severnej-steny-palaca.png 594w, https:\/\/www.plaveckyhrad.eu\/wp-content\/uploads\/Zaciatok-prac-na-bocnej-stabilizacnej-primurovke-severnej-steny-palaca-300x224.png 300w\" sizes=\"(max-width: 594px) 100vw, 594px\" \/>                                                              <\/div>\n              <div class=\"box-text text-left\" >\n                 <p><\/p>\n              <\/div>\n            <\/div>\n            <\/a>          <\/div>\n         <\/div><\/div>\n<h2>Progress of works on renewal of the scuntions of the nich and side brick work of the 3rd floor<\/h2>\n\n  \n    <div id=\"gallery-746819514\" class=\"row large-columns-5 medium-columns-3 small-columns-2 row-masonry\" data-packery-options='{\"itemSelector\": \".col\", \"gutter\": 0, \"presentageWidth\" : true}'>\n\n  <div class=\"gallery-col col\" >\n          <div class=\"col-inner\">\n            <a class=\"image-lightbox lightbox-gallery\" href=\"https:\/\/www.plaveckyhrad.eu\/wp-content\/uploads\/Belgickeho-velvyslanec-vstrede-na-Plaveckom-hrade-v-pritomnosti-starostu-obce-vpravo.png\" title=\"\">            <div class=\"box has-hover gallery-box box-normal\">\n              <div class=\"box-image image-cover\" style=\"padding-top:100%;\">\n                <img width=\"561\" height=\"421\" src=\"https:\/\/www.plaveckyhrad.eu\/wp-content\/uploads\/Belgickeho-velvyslanec-vstrede-na-Plaveckom-hrade-v-pritomnosti-starostu-obce-vpravo.png\" class=\"attachment-original size-original\" alt=\"\" decoding=\"async\" loading=\"lazy\" ids=\"1074,1075,1076,1077,1078,1079,1080,1081,1082,1083,1084,1085,1086,1087,1088,1089,1090,1091,1092,1093,1094,1095,1096,1097,1098\" style=\"normal\" lightbox_image_size=\"original\" type=\"masonry\" columns=\"5\" image_height=\"100%\" image_size=\"original\" srcset=\"https:\/\/www.plaveckyhrad.eu\/wp-content\/uploads\/Belgickeho-velvyslanec-vstrede-na-Plaveckom-hrade-v-pritomnosti-starostu-obce-vpravo.png 561w, https:\/\/www.plaveckyhrad.eu\/wp-content\/uploads\/Belgickeho-velvyslanec-vstrede-na-Plaveckom-hrade-v-pritomnosti-starostu-obce-vpravo-300x225.png 300w\" sizes=\"(max-width: 561px) 100vw, 561px\" \/>                                                              <\/div>\n              <div class=\"box-text text-left\" >\n                 <p><\/p>\n              <\/div>\n            <\/div>\n            <\/a>          <\/div>\n         <\/div><div class=\"gallery-col col\" >\n          <div class=\"col-inner\">\n            <a class=\"image-lightbox lightbox-gallery\" href=\"https:\/\/www.plaveckyhrad.eu\/wp-content\/uploads\/Celkovy-pohlad-na-bocnu-primurovku-severnej-steny-gotickeho-palaca-s-priznanim-a-prezentovanim-starsej-hradby-s-murovanou-ochodzou-ukoncenou-cimburim-cervena-sipka.png\" title=\"\">            <div class=\"box has-hover gallery-box box-normal\">\n              <div class=\"box-image image-cover\" style=\"padding-top:100%;\">\n                <img width=\"601\" height=\"799\" src=\"https:\/\/www.plaveckyhrad.eu\/wp-content\/uploads\/Celkovy-pohlad-na-bocnu-primurovku-severnej-steny-gotickeho-palaca-s-priznanim-a-prezentovanim-starsej-hradby-s-murovanou-ochodzou-ukoncenou-cimburim-cervena-sipka.png\" class=\"attachment-original size-original\" alt=\"\" decoding=\"async\" loading=\"lazy\" ids=\"1074,1075,1076,1077,1078,1079,1080,1081,1082,1083,1084,1085,1086,1087,1088,1089,1090,1091,1092,1093,1094,1095,1096,1097,1098\" style=\"normal\" lightbox_image_size=\"original\" type=\"masonry\" columns=\"5\" image_height=\"100%\" image_size=\"original\" srcset=\"https:\/\/www.plaveckyhrad.eu\/wp-content\/uploads\/Celkovy-pohlad-na-bocnu-primurovku-severnej-steny-gotickeho-palaca-s-priznanim-a-prezentovanim-starsej-hradby-s-murovanou-ochodzou-ukoncenou-cimburim-cervena-sipka.png 601w, https:\/\/www.plaveckyhrad.eu\/wp-content\/uploads\/Celkovy-pohlad-na-bocnu-primurovku-severnej-steny-gotickeho-palaca-s-priznanim-a-prezentovanim-starsej-hradby-s-murovanou-ochodzou-ukoncenou-cimburim-cervena-sipka-226x300.png 226w\" sizes=\"(max-width: 601px) 100vw, 601px\" \/>                                                              <\/div>\n              <div class=\"box-text text-left\" >\n                 <p><\/p>\n              <\/div>\n            <\/div>\n            <\/a>          <\/div>\n         <\/div><div class=\"gallery-col col\" >\n          <div class=\"col-inner\">\n            <a class=\"image-lightbox lightbox-gallery\" href=\"https:\/\/www.plaveckyhrad.eu\/wp-content\/uploads\/Celkovy-pohlad-na-Severnu-stenu-gotickeho-palaca-pred-a-po-statickom-zabezpeceni-a-doplneni-muriva-a-obnove-jednotlivych-architektonickych-detailov.png\" title=\"\">            <div class=\"box has-hover gallery-box box-normal\">\n              <div class=\"box-image image-cover\" style=\"padding-top:100%;\">\n                <img width=\"642\" height=\"882\" src=\"https:\/\/www.plaveckyhrad.eu\/wp-content\/uploads\/Celkovy-pohlad-na-Severnu-stenu-gotickeho-palaca-pred-a-po-statickom-zabezpeceni-a-doplneni-muriva-a-obnove-jednotlivych-architektonickych-detailov.png\" class=\"attachment-original size-original\" alt=\"\" decoding=\"async\" loading=\"lazy\" ids=\"1074,1075,1076,1077,1078,1079,1080,1081,1082,1083,1084,1085,1086,1087,1088,1089,1090,1091,1092,1093,1094,1095,1096,1097,1098\" style=\"normal\" lightbox_image_size=\"original\" type=\"masonry\" columns=\"5\" image_height=\"100%\" image_size=\"original\" srcset=\"https:\/\/www.plaveckyhrad.eu\/wp-content\/uploads\/Celkovy-pohlad-na-Severnu-stenu-gotickeho-palaca-pred-a-po-statickom-zabezpeceni-a-doplneni-muriva-a-obnove-jednotlivych-architektonickych-detailov.png 642w, https:\/\/www.plaveckyhrad.eu\/wp-content\/uploads\/Celkovy-pohlad-na-Severnu-stenu-gotickeho-palaca-pred-a-po-statickom-zabezpeceni-a-doplneni-muriva-a-obnove-jednotlivych-architektonickych-detailov-218x300.png 218w\" sizes=\"(max-width: 642px) 100vw, 642px\" \/>                                                              <\/div>\n              <div class=\"box-text text-left\" >\n                 <p><\/p>\n              <\/div>\n            <\/div>\n            <\/a>          <\/div>\n         <\/div><div class=\"gallery-col col\" >\n          <div class=\"col-inner\">\n            <a class=\"image-lightbox lightbox-gallery\" href=\"https:\/\/www.plaveckyhrad.eu\/wp-content\/uploads\/Malta-bola-nasledne-patinovana-aby-biely-vapenny-kontrast-splynul-s-murivom.png\" title=\"\">            <div class=\"box has-hover gallery-box box-normal\">\n              <div class=\"box-image image-cover\" style=\"padding-top:100%;\">\n                <img width=\"559\" height=\"872\" src=\"https:\/\/www.plaveckyhrad.eu\/wp-content\/uploads\/Malta-bola-nasledne-patinovana-aby-biely-vapenny-kontrast-splynul-s-murivom.png\" class=\"attachment-original size-original\" alt=\"\" decoding=\"async\" loading=\"lazy\" ids=\"1074,1075,1076,1077,1078,1079,1080,1081,1082,1083,1084,1085,1086,1087,1088,1089,1090,1091,1092,1093,1094,1095,1096,1097,1098\" style=\"normal\" lightbox_image_size=\"original\" type=\"masonry\" columns=\"5\" image_height=\"100%\" image_size=\"original\" srcset=\"https:\/\/www.plaveckyhrad.eu\/wp-content\/uploads\/Malta-bola-nasledne-patinovana-aby-biely-vapenny-kontrast-splynul-s-murivom.png 559w, https:\/\/www.plaveckyhrad.eu\/wp-content\/uploads\/Malta-bola-nasledne-patinovana-aby-biely-vapenny-kontrast-splynul-s-murivom-192x300.png 192w\" sizes=\"(max-width: 559px) 100vw, 559px\" \/>                                                              <\/div>\n              <div class=\"box-text text-left\" >\n                 <p><\/p>\n              <\/div>\n            <\/div>\n            <\/a>          <\/div>\n         <\/div><div class=\"gallery-col col\" >\n          <div class=\"col-inner\">\n            <a class=\"image-lightbox lightbox-gallery\" href=\"https:\/\/www.plaveckyhrad.eu\/wp-content\/uploads\/Navsteva-velvyslanca-na-hrade-bola-odvysielana-spravodajskou-televiziou-TA3.png\" title=\"\">            <div class=\"box has-hover gallery-box box-normal\">\n              <div class=\"box-image image-cover\" style=\"padding-top:100%;\">\n                <img width=\"561\" height=\"421\" src=\"https:\/\/www.plaveckyhrad.eu\/wp-content\/uploads\/Navsteva-velvyslanca-na-hrade-bola-odvysielana-spravodajskou-televiziou-TA3.png\" class=\"attachment-original size-original\" alt=\"\" decoding=\"async\" loading=\"lazy\" ids=\"1074,1075,1076,1077,1078,1079,1080,1081,1082,1083,1084,1085,1086,1087,1088,1089,1090,1091,1092,1093,1094,1095,1096,1097,1098\" style=\"normal\" lightbox_image_size=\"original\" type=\"masonry\" columns=\"5\" image_height=\"100%\" image_size=\"original\" srcset=\"https:\/\/www.plaveckyhrad.eu\/wp-content\/uploads\/Navsteva-velvyslanca-na-hrade-bola-odvysielana-spravodajskou-televiziou-TA3.png 561w, https:\/\/www.plaveckyhrad.eu\/wp-content\/uploads\/Navsteva-velvyslanca-na-hrade-bola-odvysielana-spravodajskou-televiziou-TA3-300x225.png 300w\" sizes=\"(max-width: 561px) 100vw, 561px\" \/>                                                              <\/div>\n              <div class=\"box-text text-left\" >\n                 <p><\/p>\n              <\/div>\n            <\/div>\n            <\/a>          <\/div>\n         <\/div><div class=\"gallery-col col\" >\n          <div class=\"col-inner\">\n            <a class=\"image-lightbox lightbox-gallery\" href=\"https:\/\/www.plaveckyhrad.eu\/wp-content\/uploads\/Osadenie-zarubne-a-dubovych-prekladov-vstupneho-otvoru-z-vnutra.png\" title=\"\">            <div class=\"box has-hover gallery-box box-normal\">\n              <div class=\"box-image image-cover\" style=\"padding-top:100%;\">\n                <img width=\"579\" height=\"878\" src=\"https:\/\/www.plaveckyhrad.eu\/wp-content\/uploads\/Osadenie-zarubne-a-dubovych-prekladov-vstupneho-otvoru-z-vnutra.png\" class=\"attachment-original size-original\" alt=\"\" decoding=\"async\" loading=\"lazy\" ids=\"1074,1075,1076,1077,1078,1079,1080,1081,1082,1083,1084,1085,1086,1087,1088,1089,1090,1091,1092,1093,1094,1095,1096,1097,1098\" style=\"normal\" lightbox_image_size=\"original\" type=\"masonry\" columns=\"5\" image_height=\"100%\" image_size=\"original\" srcset=\"https:\/\/www.plaveckyhrad.eu\/wp-content\/uploads\/Osadenie-zarubne-a-dubovych-prekladov-vstupneho-otvoru-z-vnutra.png 579w, https:\/\/www.plaveckyhrad.eu\/wp-content\/uploads\/Osadenie-zarubne-a-dubovych-prekladov-vstupneho-otvoru-z-vnutra-198x300.png 198w\" sizes=\"(max-width: 579px) 100vw, 579px\" \/>                                                              <\/div>\n              <div class=\"box-text text-left\" >\n                 <p><\/p>\n              <\/div>\n            <\/div>\n            <\/a>          <\/div>\n         <\/div><div class=\"gallery-col col\" >\n          <div class=\"col-inner\">\n            <a class=\"image-lightbox lightbox-gallery\" href=\"https:\/\/www.plaveckyhrad.eu\/wp-content\/uploads\/Pohlad-na-obnovenu-niku-a-osadenu-stropnu-konzolu-s-bocnou-primurovkou-steny.png\" title=\"\">            <div class=\"box has-hover gallery-box box-normal\">\n              <div class=\"box-image image-cover\" style=\"padding-top:100%;\">\n                <img width=\"579\" height=\"878\" src=\"https:\/\/www.plaveckyhrad.eu\/wp-content\/uploads\/Pohlad-na-obnovenu-niku-a-osadenu-stropnu-konzolu-s-bocnou-primurovkou-steny.png\" class=\"attachment-original size-original\" alt=\"\" decoding=\"async\" loading=\"lazy\" ids=\"1074,1075,1076,1077,1078,1079,1080,1081,1082,1083,1084,1085,1086,1087,1088,1089,1090,1091,1092,1093,1094,1095,1096,1097,1098\" style=\"normal\" lightbox_image_size=\"original\" type=\"masonry\" columns=\"5\" image_height=\"100%\" image_size=\"original\" srcset=\"https:\/\/www.plaveckyhrad.eu\/wp-content\/uploads\/Pohlad-na-obnovenu-niku-a-osadenu-stropnu-konzolu-s-bocnou-primurovkou-steny.png 579w, https:\/\/www.plaveckyhrad.eu\/wp-content\/uploads\/Pohlad-na-obnovenu-niku-a-osadenu-stropnu-konzolu-s-bocnou-primurovkou-steny-198x300.png 198w\" sizes=\"(max-width: 579px) 100vw, 579px\" \/>                                                              <\/div>\n              <div class=\"box-text text-left\" >\n                 <p><\/p>\n              <\/div>\n            <\/div>\n            <\/a>          <\/div>\n         <\/div><div class=\"gallery-col col\" >\n          <div class=\"col-inner\">\n            <a class=\"image-lightbox lightbox-gallery\" href=\"https:\/\/www.plaveckyhrad.eu\/wp-content\/uploads\/Pohlad-z-exterieru-na-korunu-3.-podlazia-severnej-steny-palaca-po-zasahu.png\" title=\"\">            <div class=\"box has-hover gallery-box box-normal\">\n              <div class=\"box-image image-cover\" style=\"padding-top:100%;\">\n                <img width=\"579\" height=\"878\" src=\"https:\/\/www.plaveckyhrad.eu\/wp-content\/uploads\/Pohlad-z-exterieru-na-korunu-3.-podlazia-severnej-steny-palaca-po-zasahu.png\" class=\"attachment-original size-original\" alt=\"\" decoding=\"async\" loading=\"lazy\" ids=\"1074,1075,1076,1077,1078,1079,1080,1081,1082,1083,1084,1085,1086,1087,1088,1089,1090,1091,1092,1093,1094,1095,1096,1097,1098\" style=\"normal\" lightbox_image_size=\"original\" type=\"masonry\" columns=\"5\" image_height=\"100%\" image_size=\"original\" srcset=\"https:\/\/www.plaveckyhrad.eu\/wp-content\/uploads\/Pohlad-z-exterieru-na-korunu-3.-podlazia-severnej-steny-palaca-po-zasahu.png 579w, https:\/\/www.plaveckyhrad.eu\/wp-content\/uploads\/Pohlad-z-exterieru-na-korunu-3.-podlazia-severnej-steny-palaca-po-zasahu-198x300.png 198w\" sizes=\"(max-width: 579px) 100vw, 579px\" \/>                                                              <\/div>\n              <div class=\"box-text text-left\" >\n                 <p><\/p>\n              <\/div>\n            <\/div>\n            <\/a>          <\/div>\n         <\/div><div class=\"gallery-col col\" >\n          <div class=\"col-inner\">\n            <a class=\"image-lightbox lightbox-gallery\" href=\"https:\/\/www.plaveckyhrad.eu\/wp-content\/uploads\/Pomocne-prace-belgickych-skautov-na-hrade-ako-presun-kamenov-cistenie-naletovej-vegetacie-2.png\" title=\"\">            <div class=\"box has-hover gallery-box box-normal\">\n              <div class=\"box-image image-cover\" style=\"padding-top:100%;\">\n                <img width=\"595\" height=\"449\" src=\"https:\/\/www.plaveckyhrad.eu\/wp-content\/uploads\/Pomocne-prace-belgickych-skautov-na-hrade-ako-presun-kamenov-cistenie-naletovej-vegetacie-2.png\" class=\"attachment-original size-original\" alt=\"\" decoding=\"async\" loading=\"lazy\" ids=\"1074,1075,1076,1077,1078,1079,1080,1081,1082,1083,1084,1085,1086,1087,1088,1089,1090,1091,1092,1093,1094,1095,1096,1097,1098\" style=\"normal\" lightbox_image_size=\"original\" type=\"masonry\" columns=\"5\" image_height=\"100%\" image_size=\"original\" srcset=\"https:\/\/www.plaveckyhrad.eu\/wp-content\/uploads\/Pomocne-prace-belgickych-skautov-na-hrade-ako-presun-kamenov-cistenie-naletovej-vegetacie-2.png 595w, https:\/\/www.plaveckyhrad.eu\/wp-content\/uploads\/Pomocne-prace-belgickych-skautov-na-hrade-ako-presun-kamenov-cistenie-naletovej-vegetacie-2-300x226.png 300w\" sizes=\"(max-width: 595px) 100vw, 595px\" \/>                                                              <\/div>\n              <div class=\"box-text text-left\" >\n                 <p><\/p>\n              <\/div>\n            <\/div>\n            <\/a>          <\/div>\n         <\/div><div class=\"gallery-col col\" >\n          <div class=\"col-inner\">\n            <a class=\"image-lightbox lightbox-gallery\" href=\"https:\/\/www.plaveckyhrad.eu\/wp-content\/uploads\/Pomocne-prace-belgickych-skautov-na-hrade-ako-presun-kamenov-cistenie-naletovej-vegetacie-3.png\" title=\"\">            <div class=\"box has-hover gallery-box box-normal\">\n              <div class=\"box-image image-cover\" style=\"padding-top:100%;\">\n                <img width=\"595\" height=\"332\" src=\"https:\/\/www.plaveckyhrad.eu\/wp-content\/uploads\/Pomocne-prace-belgickych-skautov-na-hrade-ako-presun-kamenov-cistenie-naletovej-vegetacie-3.png\" class=\"attachment-original size-original\" alt=\"\" decoding=\"async\" loading=\"lazy\" ids=\"1074,1075,1076,1077,1078,1079,1080,1081,1082,1083,1084,1085,1086,1087,1088,1089,1090,1091,1092,1093,1094,1095,1096,1097,1098\" style=\"normal\" lightbox_image_size=\"original\" type=\"masonry\" columns=\"5\" image_height=\"100%\" image_size=\"original\" srcset=\"https:\/\/www.plaveckyhrad.eu\/wp-content\/uploads\/Pomocne-prace-belgickych-skautov-na-hrade-ako-presun-kamenov-cistenie-naletovej-vegetacie-3.png 595w, https:\/\/www.plaveckyhrad.eu\/wp-content\/uploads\/Pomocne-prace-belgickych-skautov-na-hrade-ako-presun-kamenov-cistenie-naletovej-vegetacie-3-300x167.png 300w\" sizes=\"(max-width: 595px) 100vw, 595px\" \/>                                                              <\/div>\n              <div class=\"box-text text-left\" >\n                 <p><\/p>\n              <\/div>\n            <\/div>\n            <\/a>          <\/div>\n         <\/div><div class=\"gallery-col col\" >\n          <div class=\"col-inner\">\n            <a class=\"image-lightbox lightbox-gallery\" href=\"https:\/\/www.plaveckyhrad.eu\/wp-content\/uploads\/Pomocne-prace-belgickych-skautov-na-hrade-ako-presun-kamenov-cistenie-naletovej-vegetacie.png\" title=\"\">            <div class=\"box has-hover gallery-box box-normal\">\n              <div class=\"box-image image-cover\" style=\"padding-top:100%;\">\n                <img width=\"595\" height=\"335\" src=\"https:\/\/www.plaveckyhrad.eu\/wp-content\/uploads\/Pomocne-prace-belgickych-skautov-na-hrade-ako-presun-kamenov-cistenie-naletovej-vegetacie.png\" class=\"attachment-original size-original\" alt=\"\" decoding=\"async\" loading=\"lazy\" ids=\"1074,1075,1076,1077,1078,1079,1080,1081,1082,1083,1084,1085,1086,1087,1088,1089,1090,1091,1092,1093,1094,1095,1096,1097,1098\" style=\"normal\" lightbox_image_size=\"original\" type=\"masonry\" columns=\"5\" image_height=\"100%\" image_size=\"original\" srcset=\"https:\/\/www.plaveckyhrad.eu\/wp-content\/uploads\/Pomocne-prace-belgickych-skautov-na-hrade-ako-presun-kamenov-cistenie-naletovej-vegetacie.png 595w, https:\/\/www.plaveckyhrad.eu\/wp-content\/uploads\/Pomocne-prace-belgickych-skautov-na-hrade-ako-presun-kamenov-cistenie-naletovej-vegetacie-300x169.png 300w\" sizes=\"(max-width: 595px) 100vw, 595px\" \/>                                                              <\/div>\n              <div class=\"box-text text-left\" >\n                 <p><\/p>\n              <\/div>\n            <\/div>\n            <\/a>          <\/div>\n         <\/div><div class=\"gallery-col col\" >\n          <div class=\"col-inner\">\n            <a class=\"image-lightbox lightbox-gallery\" href=\"https:\/\/www.plaveckyhrad.eu\/wp-content\/uploads\/Porovnavacka-obnovy-strielne-a-jej-prezentacia-na-vonkajsej-fasade-steny-palaca.png\" title=\"\">            <div class=\"box has-hover gallery-box box-normal\">\n              <div class=\"box-image image-cover\" style=\"padding-top:100%;\">\n                <img width=\"624\" height=\"408\" src=\"https:\/\/www.plaveckyhrad.eu\/wp-content\/uploads\/Porovnavacka-obnovy-strielne-a-jej-prezentacia-na-vonkajsej-fasade-steny-palaca.png\" class=\"attachment-original size-original\" alt=\"\" decoding=\"async\" loading=\"lazy\" ids=\"1074,1075,1076,1077,1078,1079,1080,1081,1082,1083,1084,1085,1086,1087,1088,1089,1090,1091,1092,1093,1094,1095,1096,1097,1098\" style=\"normal\" lightbox_image_size=\"original\" type=\"masonry\" columns=\"5\" image_height=\"100%\" image_size=\"original\" srcset=\"https:\/\/www.plaveckyhrad.eu\/wp-content\/uploads\/Porovnavacka-obnovy-strielne-a-jej-prezentacia-na-vonkajsej-fasade-steny-palaca.png 624w, https:\/\/www.plaveckyhrad.eu\/wp-content\/uploads\/Porovnavacka-obnovy-strielne-a-jej-prezentacia-na-vonkajsej-fasade-steny-palaca-300x196.png 300w\" sizes=\"(max-width: 624px) 100vw, 624px\" \/>                                                              <\/div>\n              <div class=\"box-text text-left\" >\n                 <p><\/p>\n              <\/div>\n            <\/div>\n            <\/a>          <\/div>\n         <\/div><div class=\"gallery-col col\" >\n          <div class=\"col-inner\">\n            <a class=\"image-lightbox lightbox-gallery\" href=\"https:\/\/www.plaveckyhrad.eu\/wp-content\/uploads\/Porovnavacka-rekonstrukcie-vstupneho-otvoru-prevetu-2.-podlazia-z-interieru.png\" title=\"\">            <div class=\"box has-hover gallery-box box-normal\">\n              <div class=\"box-image image-cover\" style=\"padding-top:100%;\">\n                <img width=\"579\" height=\"878\" src=\"https:\/\/www.plaveckyhrad.eu\/wp-content\/uploads\/Porovnavacka-rekonstrukcie-vstupneho-otvoru-prevetu-2.-podlazia-z-interieru.png\" class=\"attachment-original size-original\" alt=\"\" decoding=\"async\" loading=\"lazy\" ids=\"1074,1075,1076,1077,1078,1079,1080,1081,1082,1083,1084,1085,1086,1087,1088,1089,1090,1091,1092,1093,1094,1095,1096,1097,1098\" style=\"normal\" lightbox_image_size=\"original\" type=\"masonry\" columns=\"5\" image_height=\"100%\" image_size=\"original\" srcset=\"https:\/\/www.plaveckyhrad.eu\/wp-content\/uploads\/Porovnavacka-rekonstrukcie-vstupneho-otvoru-prevetu-2.-podlazia-z-interieru.png 579w, https:\/\/www.plaveckyhrad.eu\/wp-content\/uploads\/Porovnavacka-rekonstrukcie-vstupneho-otvoru-prevetu-2.-podlazia-z-interieru-198x300.png 198w\" sizes=\"(max-width: 579px) 100vw, 579px\" \/>                                                              <\/div>\n              <div class=\"box-text text-left\" >\n                 <p><\/p>\n              <\/div>\n            <\/div>\n            <\/a>          <\/div>\n         <\/div><div class=\"gallery-col col\" >\n          <div class=\"col-inner\">\n            <a class=\"image-lightbox lightbox-gallery\" href=\"https:\/\/www.plaveckyhrad.eu\/wp-content\/uploads\/Porovnavacka-rekonstrukcie-vstupneho-otvoru-prevetu-2.-podlazia-z-vnutra.png\" title=\"\">            <div class=\"box has-hover gallery-box box-normal\">\n              <div class=\"box-image image-cover\" style=\"padding-top:100%;\">\n                <img width=\"579\" height=\"878\" src=\"https:\/\/www.plaveckyhrad.eu\/wp-content\/uploads\/Porovnavacka-rekonstrukcie-vstupneho-otvoru-prevetu-2.-podlazia-z-vnutra.png\" class=\"attachment-original size-original\" alt=\"\" decoding=\"async\" loading=\"lazy\" ids=\"1074,1075,1076,1077,1078,1079,1080,1081,1082,1083,1084,1085,1086,1087,1088,1089,1090,1091,1092,1093,1094,1095,1096,1097,1098\" style=\"normal\" lightbox_image_size=\"original\" type=\"masonry\" columns=\"5\" image_height=\"100%\" image_size=\"original\" srcset=\"https:\/\/www.plaveckyhrad.eu\/wp-content\/uploads\/Porovnavacka-rekonstrukcie-vstupneho-otvoru-prevetu-2.-podlazia-z-vnutra.png 579w, https:\/\/www.plaveckyhrad.eu\/wp-content\/uploads\/Porovnavacka-rekonstrukcie-vstupneho-otvoru-prevetu-2.-podlazia-z-vnutra-198x300.png 198w\" sizes=\"(max-width: 579px) 100vw, 579px\" \/>                                                              <\/div>\n              <div class=\"box-text text-left\" >\n                 <p><\/p>\n              <\/div>\n            <\/div>\n            <\/a>          <\/div>\n         <\/div><div class=\"gallery-col col\" >\n          <div class=\"col-inner\">\n            <a class=\"image-lightbox lightbox-gallery\" href=\"https:\/\/www.plaveckyhrad.eu\/wp-content\/uploads\/Porovnavacka-stavu-3.-podlazia-severnej-steny-gotickeho-palaca-pred-a-po-zasahu-2.png\" title=\"\">            <div class=\"box has-hover gallery-box box-normal\">\n              <div class=\"box-image image-cover\" style=\"padding-top:100%;\">\n                <img width=\"579\" height=\"878\" src=\"https:\/\/www.plaveckyhrad.eu\/wp-content\/uploads\/Porovnavacka-stavu-3.-podlazia-severnej-steny-gotickeho-palaca-pred-a-po-zasahu-2.png\" class=\"attachment-original size-original\" alt=\"\" decoding=\"async\" loading=\"lazy\" ids=\"1074,1075,1076,1077,1078,1079,1080,1081,1082,1083,1084,1085,1086,1087,1088,1089,1090,1091,1092,1093,1094,1095,1096,1097,1098\" style=\"normal\" lightbox_image_size=\"original\" type=\"masonry\" columns=\"5\" image_height=\"100%\" image_size=\"original\" srcset=\"https:\/\/www.plaveckyhrad.eu\/wp-content\/uploads\/Porovnavacka-stavu-3.-podlazia-severnej-steny-gotickeho-palaca-pred-a-po-zasahu-2.png 579w, https:\/\/www.plaveckyhrad.eu\/wp-content\/uploads\/Porovnavacka-stavu-3.-podlazia-severnej-steny-gotickeho-palaca-pred-a-po-zasahu-2-198x300.png 198w\" sizes=\"(max-width: 579px) 100vw, 579px\" \/>                                                              <\/div>\n              <div class=\"box-text text-left\" >\n                 <p><\/p>\n              <\/div>\n            <\/div>\n            <\/a>          <\/div>\n         <\/div><div class=\"gallery-col col\" >\n          <div class=\"col-inner\">\n            <a class=\"image-lightbox lightbox-gallery\" href=\"https:\/\/www.plaveckyhrad.eu\/wp-content\/uploads\/Porovnavacka-stavu-3.-podlazia-severnej-steny-gotickeho-palaca-pred-a-po-zasahu.png\" title=\"\">            <div class=\"box has-hover gallery-box box-normal\">\n              <div class=\"box-image image-cover\" style=\"padding-top:100%;\">\n                <img width=\"579\" height=\"878\" src=\"https:\/\/www.plaveckyhrad.eu\/wp-content\/uploads\/Porovnavacka-stavu-3.-podlazia-severnej-steny-gotickeho-palaca-pred-a-po-zasahu.png\" class=\"attachment-original size-original\" alt=\"\" decoding=\"async\" loading=\"lazy\" ids=\"1074,1075,1076,1077,1078,1079,1080,1081,1082,1083,1084,1085,1086,1087,1088,1089,1090,1091,1092,1093,1094,1095,1096,1097,1098\" style=\"normal\" lightbox_image_size=\"original\" type=\"masonry\" columns=\"5\" image_height=\"100%\" image_size=\"original\" srcset=\"https:\/\/www.plaveckyhrad.eu\/wp-content\/uploads\/Porovnavacka-stavu-3.-podlazia-severnej-steny-gotickeho-palaca-pred-a-po-zasahu.png 579w, https:\/\/www.plaveckyhrad.eu\/wp-content\/uploads\/Porovnavacka-stavu-3.-podlazia-severnej-steny-gotickeho-palaca-pred-a-po-zasahu-198x300.png 198w\" sizes=\"(max-width: 579px) 100vw, 579px\" \/>                                                              <\/div>\n              <div class=\"box-text text-left\" >\n                 <p><\/p>\n              <\/div>\n            <\/div>\n            <\/a>          <\/div>\n         <\/div><div class=\"gallery-col col\" >\n          <div class=\"col-inner\">\n            <a class=\"image-lightbox lightbox-gallery\" href=\"https:\/\/www.plaveckyhrad.eu\/wp-content\/uploads\/Porovnavacky-obnovy-steny-renesancneho-prevetu.png\" title=\"\">            <div class=\"box has-hover gallery-box box-normal\">\n              <div class=\"box-image image-cover\" style=\"padding-top:100%;\">\n                <img width=\"624\" height=\"408\" src=\"https:\/\/www.plaveckyhrad.eu\/wp-content\/uploads\/Porovnavacky-obnovy-steny-renesancneho-prevetu.png\" class=\"attachment-original size-original\" alt=\"\" decoding=\"async\" loading=\"lazy\" ids=\"1074,1075,1076,1077,1078,1079,1080,1081,1082,1083,1084,1085,1086,1087,1088,1089,1090,1091,1092,1093,1094,1095,1096,1097,1098\" style=\"normal\" lightbox_image_size=\"original\" type=\"masonry\" columns=\"5\" image_height=\"100%\" image_size=\"original\" srcset=\"https:\/\/www.plaveckyhrad.eu\/wp-content\/uploads\/Porovnavacky-obnovy-steny-renesancneho-prevetu.png 624w, https:\/\/www.plaveckyhrad.eu\/wp-content\/uploads\/Porovnavacky-obnovy-steny-renesancneho-prevetu-300x196.png 300w\" sizes=\"(max-width: 624px) 100vw, 624px\" \/>                                                              <\/div>\n              <div class=\"box-text text-left\" >\n                 <p><\/p>\n              <\/div>\n            <\/div>\n            <\/a>          <\/div>\n         <\/div><div class=\"gallery-col col\" >\n          <div class=\"col-inner\">\n            <a class=\"image-lightbox lightbox-gallery\" href=\"https:\/\/www.plaveckyhrad.eu\/wp-content\/uploads\/Priebeh-prac-na-obnove-zaklenku-odkladacej-niky-3.-podlazia.png\" title=\"\">            <div class=\"box has-hover gallery-box box-normal\">\n              <div class=\"box-image image-cover\" style=\"padding-top:100%;\">\n                <img width=\"579\" height=\"434\" src=\"https:\/\/www.plaveckyhrad.eu\/wp-content\/uploads\/Priebeh-prac-na-obnove-zaklenku-odkladacej-niky-3.-podlazia.png\" class=\"attachment-original size-original\" alt=\"\" decoding=\"async\" loading=\"lazy\" ids=\"1074,1075,1076,1077,1078,1079,1080,1081,1082,1083,1084,1085,1086,1087,1088,1089,1090,1091,1092,1093,1094,1095,1096,1097,1098\" style=\"normal\" lightbox_image_size=\"original\" type=\"masonry\" columns=\"5\" image_height=\"100%\" image_size=\"original\" srcset=\"https:\/\/www.plaveckyhrad.eu\/wp-content\/uploads\/Priebeh-prac-na-obnove-zaklenku-odkladacej-niky-3.-podlazia.png 579w, https:\/\/www.plaveckyhrad.eu\/wp-content\/uploads\/Priebeh-prac-na-obnove-zaklenku-odkladacej-niky-3.-podlazia-300x225.png 300w\" sizes=\"(max-width: 579px) 100vw, 579px\" \/>                                                              <\/div>\n              <div class=\"box-text text-left\" >\n                 <p><\/p>\n              <\/div>\n            <\/div>\n            <\/a>          <\/div>\n         <\/div><div class=\"gallery-col col\" >\n          <div class=\"col-inner\">\n            <a class=\"image-lightbox lightbox-gallery\" href=\"https:\/\/www.plaveckyhrad.eu\/wp-content\/uploads\/Replika-gotickej-stropnej-konzoly-pred-osadenim.png\" title=\"\">            <div class=\"box has-hover gallery-box box-normal\">\n              <div class=\"box-image image-cover\" style=\"padding-top:100%;\">\n                <img width=\"584\" height=\"435\" src=\"https:\/\/www.plaveckyhrad.eu\/wp-content\/uploads\/Replika-gotickej-stropnej-konzoly-pred-osadenim.png\" class=\"attachment-original size-original\" alt=\"\" decoding=\"async\" loading=\"lazy\" ids=\"1074,1075,1076,1077,1078,1079,1080,1081,1082,1083,1084,1085,1086,1087,1088,1089,1090,1091,1092,1093,1094,1095,1096,1097,1098\" style=\"normal\" lightbox_image_size=\"original\" type=\"masonry\" columns=\"5\" image_height=\"100%\" image_size=\"original\" srcset=\"https:\/\/www.plaveckyhrad.eu\/wp-content\/uploads\/Replika-gotickej-stropnej-konzoly-pred-osadenim.png 584w, https:\/\/www.plaveckyhrad.eu\/wp-content\/uploads\/Replika-gotickej-stropnej-konzoly-pred-osadenim-300x223.png 300w\" sizes=\"(max-width: 584px) 100vw, 584px\" \/>                                                              <\/div>\n              <div class=\"box-text text-left\" >\n                 <p><\/p>\n              <\/div>\n            <\/div>\n            <\/a>          <\/div>\n         <\/div><div class=\"gallery-col col\" >\n          <div class=\"col-inner\">\n            <a class=\"image-lightbox lightbox-gallery\" href=\"https:\/\/www.plaveckyhrad.eu\/wp-content\/uploads\/Stav-prasknuteho-gotickeho-ostenia-okna-2.-podlazia.png\" title=\"\">            <div class=\"box has-hover gallery-box box-normal\">\n              <div class=\"box-image image-cover\" style=\"padding-top:100%;\">\n                <img width=\"588\" height=\"902\" src=\"https:\/\/www.plaveckyhrad.eu\/wp-content\/uploads\/Stav-prasknuteho-gotickeho-ostenia-okna-2.-podlazia.png\" class=\"attachment-original size-original\" alt=\"\" decoding=\"async\" loading=\"lazy\" ids=\"1074,1075,1076,1077,1078,1079,1080,1081,1082,1083,1084,1085,1086,1087,1088,1089,1090,1091,1092,1093,1094,1095,1096,1097,1098\" style=\"normal\" lightbox_image_size=\"original\" type=\"masonry\" columns=\"5\" image_height=\"100%\" image_size=\"original\" srcset=\"https:\/\/www.plaveckyhrad.eu\/wp-content\/uploads\/Stav-prasknuteho-gotickeho-ostenia-okna-2.-podlazia.png 588w, https:\/\/www.plaveckyhrad.eu\/wp-content\/uploads\/Stav-prasknuteho-gotickeho-ostenia-okna-2.-podlazia-196x300.png 196w\" sizes=\"(max-width: 588px) 100vw, 588px\" \/>                                                              <\/div>\n              <div class=\"box-text text-left\" >\n                 <p><\/p>\n              <\/div>\n            <\/div>\n            <\/a>          <\/div>\n         <\/div><div class=\"gallery-col col\" >\n          <div class=\"col-inner\">\n            <a class=\"image-lightbox lightbox-gallery\" href=\"https:\/\/www.plaveckyhrad.eu\/wp-content\/uploads\/Trhlina-gotickeho-ostenia-po-hlbkovom-injektovani-vapennou-maltou-Konzervacia-fragmentov-jadrovej-omietky-severnej-exterierovej-steny-gotickeho-palaca.png\" title=\"\">            <div class=\"box has-hover gallery-box box-normal\">\n              <div class=\"box-image image-cover\" style=\"padding-top:100%;\">\n                <img width=\"517\" height=\"872\" src=\"https:\/\/www.plaveckyhrad.eu\/wp-content\/uploads\/Trhlina-gotickeho-ostenia-po-hlbkovom-injektovani-vapennou-maltou-Konzervacia-fragmentov-jadrovej-omietky-severnej-exterierovej-steny-gotickeho-palaca.png\" class=\"attachment-original size-original\" alt=\"\" decoding=\"async\" loading=\"lazy\" ids=\"1074,1075,1076,1077,1078,1079,1080,1081,1082,1083,1084,1085,1086,1087,1088,1089,1090,1091,1092,1093,1094,1095,1096,1097,1098\" style=\"normal\" lightbox_image_size=\"original\" type=\"masonry\" columns=\"5\" image_height=\"100%\" image_size=\"original\" srcset=\"https:\/\/www.plaveckyhrad.eu\/wp-content\/uploads\/Trhlina-gotickeho-ostenia-po-hlbkovom-injektovani-vapennou-maltou-Konzervacia-fragmentov-jadrovej-omietky-severnej-exterierovej-steny-gotickeho-palaca.png 517w, https:\/\/www.plaveckyhrad.eu\/wp-content\/uploads\/Trhlina-gotickeho-ostenia-po-hlbkovom-injektovani-vapennou-maltou-Konzervacia-fragmentov-jadrovej-omietky-severnej-exterierovej-steny-gotickeho-palaca-178x300.png 178w\" sizes=\"(max-width: 517px) 100vw, 517px\" \/>                                                              <\/div>\n              <div class=\"box-text text-left\" >\n                 <p><\/p>\n              <\/div>\n            <\/div>\n            <\/a>          <\/div>\n         <\/div><div class=\"gallery-col col\" >\n          <div class=\"col-inner\">\n            <a class=\"image-lightbox lightbox-gallery\" href=\"https:\/\/www.plaveckyhrad.eu\/wp-content\/uploads\/Vymurovana-spaleta-okenneho-otvoru-1.-podlazia-z-interieru.png\" title=\"\">            <div class=\"box has-hover gallery-box box-normal\">\n              <div class=\"box-image image-cover\" style=\"padding-top:100%;\">\n                <img width=\"579\" height=\"878\" src=\"https:\/\/www.plaveckyhrad.eu\/wp-content\/uploads\/Vymurovana-spaleta-okenneho-otvoru-1.-podlazia-z-interieru.png\" class=\"attachment-original size-original\" alt=\"\" decoding=\"async\" loading=\"lazy\" ids=\"1074,1075,1076,1077,1078,1079,1080,1081,1082,1083,1084,1085,1086,1087,1088,1089,1090,1091,1092,1093,1094,1095,1096,1097,1098\" style=\"normal\" lightbox_image_size=\"original\" type=\"masonry\" columns=\"5\" image_height=\"100%\" image_size=\"original\" srcset=\"https:\/\/www.plaveckyhrad.eu\/wp-content\/uploads\/Vymurovana-spaleta-okenneho-otvoru-1.-podlazia-z-interieru.png 579w, https:\/\/www.plaveckyhrad.eu\/wp-content\/uploads\/Vymurovana-spaleta-okenneho-otvoru-1.-podlazia-z-interieru-198x300.png 198w\" sizes=\"(max-width: 579px) 100vw, 579px\" \/>                                                              <\/div>\n              <div class=\"box-text text-left\" >\n                 <p><\/p>\n              <\/div>\n            <\/div>\n            <\/a>          <\/div>\n         <\/div><div class=\"gallery-col col\" >\n          <div class=\"col-inner\">\n            <a class=\"image-lightbox lightbox-gallery\" href=\"https:\/\/www.plaveckyhrad.eu\/wp-content\/uploads\/Vyroba-kopie-stropnej-gotickej-konzoly-3.-podlazia-z-penovca.png\" title=\"\">            <div class=\"box has-hover gallery-box box-normal\">\n              <div class=\"box-image image-cover\" style=\"padding-top:100%;\">\n                <img width=\"584\" height=\"435\" src=\"https:\/\/www.plaveckyhrad.eu\/wp-content\/uploads\/Vyroba-kopie-stropnej-gotickej-konzoly-3.-podlazia-z-penovca.png\" class=\"attachment-original size-original\" alt=\"\" decoding=\"async\" loading=\"lazy\" ids=\"1074,1075,1076,1077,1078,1079,1080,1081,1082,1083,1084,1085,1086,1087,1088,1089,1090,1091,1092,1093,1094,1095,1096,1097,1098\" style=\"normal\" lightbox_image_size=\"original\" type=\"masonry\" columns=\"5\" image_height=\"100%\" image_size=\"original\" srcset=\"https:\/\/www.plaveckyhrad.eu\/wp-content\/uploads\/Vyroba-kopie-stropnej-gotickej-konzoly-3.-podlazia-z-penovca.png 584w, https:\/\/www.plaveckyhrad.eu\/wp-content\/uploads\/Vyroba-kopie-stropnej-gotickej-konzoly-3.-podlazia-z-penovca-300x223.png 300w\" sizes=\"(max-width: 584px) 100vw, 584px\" \/>                                                              <\/div>\n              <div class=\"box-text text-left\" >\n                 <p><\/p>\n              <\/div>\n            <\/div>\n            <\/a>          <\/div>\n         <\/div><div class=\"gallery-col col\" >\n          <div class=\"col-inner\">\n            <a class=\"image-lightbox lightbox-gallery\" href=\"https:\/\/www.plaveckyhrad.eu\/wp-content\/uploads\/Zaciatok-prac-na-obnove-okenneho-otvoru-1.-podlazia-a-sachty-renesancneho-prevetu-z-exterieru.png\" title=\"\">            <div class=\"box has-hover gallery-box box-normal\">\n              <div class=\"box-image image-cover\" style=\"padding-top:100%;\">\n                <img width=\"579\" height=\"878\" src=\"https:\/\/www.plaveckyhrad.eu\/wp-content\/uploads\/Zaciatok-prac-na-obnove-okenneho-otvoru-1.-podlazia-a-sachty-renesancneho-prevetu-z-exterieru.png\" class=\"attachment-original size-original\" alt=\"\" decoding=\"async\" loading=\"lazy\" ids=\"1074,1075,1076,1077,1078,1079,1080,1081,1082,1083,1084,1085,1086,1087,1088,1089,1090,1091,1092,1093,1094,1095,1096,1097,1098\" style=\"normal\" lightbox_image_size=\"original\" type=\"masonry\" columns=\"5\" image_height=\"100%\" image_size=\"original\" srcset=\"https:\/\/www.plaveckyhrad.eu\/wp-content\/uploads\/Zaciatok-prac-na-obnove-okenneho-otvoru-1.-podlazia-a-sachty-renesancneho-prevetu-z-exterieru.png 579w, https:\/\/www.plaveckyhrad.eu\/wp-content\/uploads\/Zaciatok-prac-na-obnove-okenneho-otvoru-1.-podlazia-a-sachty-renesancneho-prevetu-z-exterieru-198x300.png 198w\" sizes=\"(max-width: 579px) 100vw, 579px\" \/>                                                              <\/div>\n              <div class=\"box-text text-left\" >\n                 <p><\/p>\n              <\/div>\n            <\/div>\n            <\/a>          <\/div>\n         <\/div><div class=\"gallery-col col\" >\n          <div class=\"col-inner\">\n            <a class=\"image-lightbox lightbox-gallery\" href=\"https:\/\/www.plaveckyhrad.eu\/wp-content\/uploads\/Zhotovenie-dreveneho-ramenatu-niky-s-osadenopu-gotickou-stropnou-konzolou.png\" title=\"\">            <div class=\"box has-hover gallery-box box-normal\">\n              <div class=\"box-image image-cover\" style=\"padding-top:100%;\">\n                <img width=\"579\" height=\"434\" src=\"https:\/\/www.plaveckyhrad.eu\/wp-content\/uploads\/Zhotovenie-dreveneho-ramenatu-niky-s-osadenopu-gotickou-stropnou-konzolou.png\" class=\"attachment-original size-original\" alt=\"\" decoding=\"async\" loading=\"lazy\" ids=\"1074,1075,1076,1077,1078,1079,1080,1081,1082,1083,1084,1085,1086,1087,1088,1089,1090,1091,1092,1093,1094,1095,1096,1097,1098\" style=\"normal\" lightbox_image_size=\"original\" type=\"masonry\" columns=\"5\" image_height=\"100%\" image_size=\"original\" srcset=\"https:\/\/www.plaveckyhrad.eu\/wp-content\/uploads\/Zhotovenie-dreveneho-ramenatu-niky-s-osadenopu-gotickou-stropnou-konzolou.png 579w, https:\/\/www.plaveckyhrad.eu\/wp-content\/uploads\/Zhotovenie-dreveneho-ramenatu-niky-s-osadenopu-gotickou-stropnou-konzolou-300x225.png 300w\" sizes=\"(max-width: 579px) 100vw, 579px\" \/>                                                              <\/div>\n              <div class=\"box-text text-left\" >\n                 <p><\/p>\n              <\/div>\n            <\/div>\n            <\/a>          <\/div>\n         <\/div><\/div>\n<div class=\"row\"  id=\"row-960631054\">\n\n\t<div id=\"col-436035320\" class=\"col medium-6 small-12 large-6\"  >\n\t\t\t\t<div class=\"col-inner\"  >\n\t\t\t\n\t\t\t\n<p>The entire work at the given objects was done by quality manual work, while using original materials (stone collected from the surface of the castle) and technologies (preparation of middle age hot lime mortar with usage of pozzolan additives \u2013 Metakaolin). The works took place from June through October, whereas this time period gave us enough time for the carbonisation of mortar before freezing weather.<\/p>\n\t\t<\/div>\n\t\t\t\t\t<\/div>\n\n\t\n\n\t<div id=\"col-1691427929\" class=\"col medium-6 small-12 large-6\"  >\n\t\t\t\t<div class=\"col-inner\"  >\n\t\t\t\n\t\t\t\n\t<div class=\"img has-hover x md-x lg-x y md-y lg-y\" id=\"image_448344510\">\n\t\t<a class=\"image-lightbox lightbox-gallery\" title=\"\" href=\"https:\/\/www.plaveckyhrad.eu\/wp-content\/uploads\/miesacka.png\">\t\t\t\t\t\t<div class=\"img-inner dark\" >\n\t\t\t<img width=\"605\" height=\"455\" src=\"https:\/\/www.plaveckyhrad.eu\/wp-content\/uploads\/miesacka.png\" class=\"attachment-original size-original\" alt=\"\" decoding=\"async\" loading=\"lazy\" srcset=\"https:\/\/www.plaveckyhrad.eu\/wp-content\/uploads\/miesacka.png 605w, https:\/\/www.plaveckyhrad.eu\/wp-content\/uploads\/miesacka-300x226.png 300w\" sizes=\"(max-width: 605px) 100vw, 605px\" \/>\t\t\t\t\t\t\n\t\t\t\t\t<\/div>\n\t\t\t\t\t\t<\/a>\t\t\n<style>\n#image_448344510 {\n  width: 100%;\n}\n<\/style>\n\t<\/div>\n\t\n\t\t<\/div>\n\t\t\t\t\t<\/div>\n\n\t\n<\/div>\n","protected":false},"excerpt":{"rendered":"<p>Project of the 1st stage of Plaveck\u00fd castle static reinforcement restoration. 2013 was a ground-breaking year for Plaveck\u00fd Castle, particularly because after more than 300 years, the caste objects have been restored and statically reinforced and the brickwork has started to increase rather than decrease. In the past years, static and architectonic-historic research of the&#8230;<\/p>\n","protected":false},"author":1,"featured_media":795,"comment_status":"closed","ping_status":"open","sticky":false,"template":"","format":"standard","meta":[],"categories":[15,8],"tags":[],"yoast_head":"<!-- This site is optimized with the Yoast SEO plugin v19.14 - https:\/\/yoast.com\/wordpress\/plugins\/seo\/ -->\n<title>Plaveck\u00fd castle - Reconstruction 2016 - Plaveck\u00fd Hrad<\/title>\n<meta name=\"robots\" content=\"index, follow, max-snippet:-1, max-image-preview:large, max-video-preview:-1\" \/>\n<link rel=\"canonical\" href=\"https:\/\/www.plaveckyhrad.eu\/en\/plavecky-castle-reconstruction-2016\/\" \/>\n<meta property=\"og:locale\" content=\"en_US\" \/>\n<meta property=\"og:type\" content=\"article\" \/>\n<meta property=\"og:title\" content=\"Plaveck\u00fd castle - Reconstruction 2016 - Plaveck\u00fd Hrad\" \/>\n<meta property=\"og:description\" content=\"Project of the 1st stage of Plaveck\u00fd castle static reinforcement restoration. 2013 was a ground-breaking year for Plaveck\u00fd Castle, particularly because after more than 300 years, the caste objects have been restored and statically reinforced and the brickwork has started to increase rather than decrease. In the past years, static and architectonic-historic research of the...\" \/>\n<meta property=\"og:url\" content=\"https:\/\/www.plaveckyhrad.eu\/en\/plavecky-castle-reconstruction-2016\/\" \/>\n<meta property=\"og:site_name\" content=\"Plaveck\u00fd Hrad\" \/>\n<meta property=\"article:author\" content=\"https:\/\/www.facebook.com\/bugesweb\/\" \/>\n<meta property=\"article:published_time\" content=\"2022-11-10T15:16:28+00:00\" \/>\n<meta property=\"article:modified_time\" content=\"2023-01-11T14:13:14+00:00\" \/>\n<meta property=\"og:image\" content=\"https:\/\/www.plaveckyhrad.eu\/wp-content\/uploads\/Plavecky-hrad-krasy-Slovenska-23.jpeg\" \/>\n\t<meta property=\"og:image:width\" content=\"1000\" \/>\n\t<meta property=\"og:image:height\" content=\"750\" \/>\n\t<meta property=\"og:image:type\" content=\"image\/jpeg\" \/>\n<meta name=\"author\" content=\"BugesWeb151\" \/>\n<meta name=\"twitter:card\" content=\"summary_large_image\" \/>\n<meta name=\"twitter:label1\" content=\"Written by\" \/>\n\t<meta name=\"twitter:data1\" content=\"BugesWeb151\" \/>\n\t<meta name=\"twitter:label2\" content=\"Est. reading time\" \/>\n\t<meta name=\"twitter:data2\" content=\"3 minutes\" \/>\n<script type=\"application\/ld+json\" class=\"yoast-schema-graph\">{\"@context\":\"https:\/\/schema.org\",\"@graph\":[{\"@type\":\"WebPage\",\"@id\":\"https:\/\/www.plaveckyhrad.eu\/en\/plavecky-castle-reconstruction-2016\/\",\"url\":\"https:\/\/www.plaveckyhrad.eu\/en\/plavecky-castle-reconstruction-2016\/\",\"name\":\"Plaveck\u00fd castle - Reconstruction 2016 - Plaveck\u00fd Hrad\",\"isPartOf\":{\"@id\":\"https:\/\/www.plaveckyhrad.eu\/en\/#website\"},\"datePublished\":\"2022-11-10T15:16:28+00:00\",\"dateModified\":\"2023-01-11T14:13:14+00:00\",\"author\":{\"@id\":\"https:\/\/www.plaveckyhrad.eu\/en\/#\/schema\/person\/ba57d8fba3dedd50cc2adea30444a523\"},\"breadcrumb\":{\"@id\":\"https:\/\/www.plaveckyhrad.eu\/en\/plavecky-castle-reconstruction-2016\/#breadcrumb\"},\"inLanguage\":\"en-US\",\"potentialAction\":[{\"@type\":\"ReadAction\",\"target\":[\"https:\/\/www.plaveckyhrad.eu\/en\/plavecky-castle-reconstruction-2016\/\"]}]},{\"@type\":\"BreadcrumbList\",\"@id\":\"https:\/\/www.plaveckyhrad.eu\/en\/plavecky-castle-reconstruction-2016\/#breadcrumb\",\"itemListElement\":[{\"@type\":\"ListItem\",\"position\":1,\"name\":\"Home\",\"item\":\"https:\/\/www.plaveckyhrad.eu\/en\/home\/\"},{\"@type\":\"ListItem\",\"position\":2,\"name\":\"Plaveck\u00fd castle &#8211; Reconstruction 2016\"}]},{\"@type\":\"WebSite\",\"@id\":\"https:\/\/www.plaveckyhrad.eu\/en\/#website\",\"url\":\"https:\/\/www.plaveckyhrad.eu\/en\/\",\"name\":\"Plaveck\u00fd Hrad\",\"description\":\"Pr\u00ed\u010fte si vychutna\u0165 kr\u00e1su a dedi\u010dstvo na Plaveckom hrade\",\"potentialAction\":[{\"@type\":\"SearchAction\",\"target\":{\"@type\":\"EntryPoint\",\"urlTemplate\":\"https:\/\/www.plaveckyhrad.eu\/en\/?s={search_term_string}\"},\"query-input\":\"required name=search_term_string\"}],\"inLanguage\":\"en-US\"},{\"@type\":\"Person\",\"@id\":\"https:\/\/www.plaveckyhrad.eu\/en\/#\/schema\/person\/ba57d8fba3dedd50cc2adea30444a523\",\"name\":\"BugesWeb151\",\"sameAs\":[\"http:\/\/bugesweb.sk\",\"https:\/\/www.facebook.com\/bugesweb\/\"],\"url\":\"https:\/\/www.plaveckyhrad.eu\/en\/author\/bugesweb151\/\"}]}<\/script>\n<!-- \/ Yoast SEO plugin. -->","yoast_head_json":{"title":"Plaveck\u00fd castle - Reconstruction 2016 - Plaveck\u00fd Hrad","robots":{"index":"index","follow":"follow","max-snippet":"max-snippet:-1","max-image-preview":"max-image-preview:large","max-video-preview":"max-video-preview:-1"},"canonical":"https:\/\/www.plaveckyhrad.eu\/en\/plavecky-castle-reconstruction-2016\/","og_locale":"en_US","og_type":"article","og_title":"Plaveck\u00fd castle - Reconstruction 2016 - Plaveck\u00fd Hrad","og_description":"Project of the 1st stage of Plaveck\u00fd castle static reinforcement restoration. 2013 was a ground-breaking year for Plaveck\u00fd Castle, particularly because after more than 300 years, the caste objects have been restored and statically reinforced and the brickwork has started to increase rather than decrease. In the past years, static and architectonic-historic research of the...","og_url":"https:\/\/www.plaveckyhrad.eu\/en\/plavecky-castle-reconstruction-2016\/","og_site_name":"Plaveck\u00fd Hrad","article_author":"https:\/\/www.facebook.com\/bugesweb\/","article_published_time":"2022-11-10T15:16:28+00:00","article_modified_time":"2023-01-11T14:13:14+00:00","og_image":[{"width":1000,"height":750,"url":"https:\/\/www.plaveckyhrad.eu\/wp-content\/uploads\/Plavecky-hrad-krasy-Slovenska-23.jpeg","type":"image\/jpeg"}],"author":"BugesWeb151","twitter_card":"summary_large_image","twitter_misc":{"Written by":"BugesWeb151","Est. reading time":"3 minutes"},"schema":{"@context":"https:\/\/schema.org","@graph":[{"@type":"WebPage","@id":"https:\/\/www.plaveckyhrad.eu\/en\/plavecky-castle-reconstruction-2016\/","url":"https:\/\/www.plaveckyhrad.eu\/en\/plavecky-castle-reconstruction-2016\/","name":"Plaveck\u00fd castle - Reconstruction 2016 - Plaveck\u00fd Hrad","isPartOf":{"@id":"https:\/\/www.plaveckyhrad.eu\/en\/#website"},"datePublished":"2022-11-10T15:16:28+00:00","dateModified":"2023-01-11T14:13:14+00:00","author":{"@id":"https:\/\/www.plaveckyhrad.eu\/en\/#\/schema\/person\/ba57d8fba3dedd50cc2adea30444a523"},"breadcrumb":{"@id":"https:\/\/www.plaveckyhrad.eu\/en\/plavecky-castle-reconstruction-2016\/#breadcrumb"},"inLanguage":"en-US","potentialAction":[{"@type":"ReadAction","target":["https:\/\/www.plaveckyhrad.eu\/en\/plavecky-castle-reconstruction-2016\/"]}]},{"@type":"BreadcrumbList","@id":"https:\/\/www.plaveckyhrad.eu\/en\/plavecky-castle-reconstruction-2016\/#breadcrumb","itemListElement":[{"@type":"ListItem","position":1,"name":"Home","item":"https:\/\/www.plaveckyhrad.eu\/en\/home\/"},{"@type":"ListItem","position":2,"name":"Plaveck\u00fd castle &#8211; Reconstruction 2016"}]},{"@type":"WebSite","@id":"https:\/\/www.plaveckyhrad.eu\/en\/#website","url":"https:\/\/www.plaveckyhrad.eu\/en\/","name":"Plaveck\u00fd Hrad","description":"Pr\u00ed\u010fte si vychutna\u0165 kr\u00e1su a dedi\u010dstvo na Plaveckom hrade","potentialAction":[{"@type":"SearchAction","target":{"@type":"EntryPoint","urlTemplate":"https:\/\/www.plaveckyhrad.eu\/en\/?s={search_term_string}"},"query-input":"required name=search_term_string"}],"inLanguage":"en-US"},{"@type":"Person","@id":"https:\/\/www.plaveckyhrad.eu\/en\/#\/schema\/person\/ba57d8fba3dedd50cc2adea30444a523","name":"BugesWeb151","sameAs":["http:\/\/bugesweb.sk","https:\/\/www.facebook.com\/bugesweb\/"],"url":"https:\/\/www.plaveckyhrad.eu\/en\/author\/bugesweb151\/"}]}},"_links":{"self":[{"href":"https:\/\/www.plaveckyhrad.eu\/en\/wp-json\/wp\/v2\/posts\/1278"}],"collection":[{"href":"https:\/\/www.plaveckyhrad.eu\/en\/wp-json\/wp\/v2\/posts"}],"about":[{"href":"https:\/\/www.plaveckyhrad.eu\/en\/wp-json\/wp\/v2\/types\/post"}],"author":[{"embeddable":true,"href":"https:\/\/www.plaveckyhrad.eu\/en\/wp-json\/wp\/v2\/users\/1"}],"replies":[{"embeddable":true,"href":"https:\/\/www.plaveckyhrad.eu\/en\/wp-json\/wp\/v2\/comments?post=1278"}],"version-history":[{"count":10,"href":"https:\/\/www.plaveckyhrad.eu\/en\/wp-json\/wp\/v2\/posts\/1278\/revisions"}],"predecessor-version":[{"id":1871,"href":"https:\/\/www.plaveckyhrad.eu\/en\/wp-json\/wp\/v2\/posts\/1278\/revisions\/1871"}],"wp:featuredmedia":[{"embeddable":true,"href":"https:\/\/www.plaveckyhrad.eu\/en\/wp-json\/wp\/v2\/media\/795"}],"wp:attachment":[{"href":"https:\/\/www.plaveckyhrad.eu\/en\/wp-json\/wp\/v2\/media?parent=1278"}],"wp:term":[{"taxonomy":"category","embeddable":true,"href":"https:\/\/www.plaveckyhrad.eu\/en\/wp-json\/wp\/v2\/categories?post=1278"},{"taxonomy":"post_tag","embeddable":true,"href":"https:\/\/www.plaveckyhrad.eu\/en\/wp-json\/wp\/v2\/tags?post=1278"}],"curies":[{"name":"wp","href":"https:\/\/api.w.org\/{rel}","templated":true}]}}